{"id":847,"date":"2015-11-15T22:41:16","date_gmt":"2015-11-15T21:41:16","guid":{"rendered":"http:\/\/psaltery.org\/gifcc2echecs\/?p=847"},"modified":"2018-09-04T22:32:15","modified_gmt":"2018-09-04T20:32:15","slug":"championnats-du-monde-amelie-a-la-rencontre-de-thalie","status":"publish","type":"post","link":"https:\/\/gifcc2echecs.fr\/index.php\/2015\/11\/15\/championnats-du-monde-amelie-a-la-rencontre-de-thalie\/","title":{"rendered":"Championnats du Monde : Am\u00e9lie \u00e0 la rencontre de Thalie"},"content":{"rendered":"<p>Les championnats du Monde jeunes se sont d\u00e9roul\u00e9s en Gr\u00e8ce pendant les vacances de la Toussaint. Am\u00e9lie a d\u00e9fendu les couleurs fran\u00e7aises (et giffoises) dans la cat\u00e9gorie U14.<\/p>\n<p><img loading=\"lazy\" decoding=\"async\" class=\"alignnone size-medium wp-image-772\" src=\"http:\/\/udmnwwf.cluster027.hosting.ovh.net\/wp-content\/uploads\/2018\/08\/grece-196x300.jpg\" alt=\"\" width=\"196\" height=\"300\" srcset=\"https:\/\/gifcc2echecs.fr\/wp-content\/uploads\/2018\/08\/grece-196x300.jpg 196w, https:\/\/gifcc2echecs.fr\/wp-content\/uploads\/2018\/08\/grece.jpg 628w\" sizes=\"auto, (max-width: 196px) 100vw, 196px\" \/><\/p>\n<p>Elle r\u00e9alise un tr\u00e8s bon tournoi et termine dans la premi\u00e8re moiti\u00e9 du tableau (59\u00e8me sur 125), avec 5,5 \/ 11, et une performance \u00e01778. Elle fr\u00f4le m\u00eame l&rsquo;exploit contre plusieurs concurrentes \u00e0 plus de 2000, et annule contre une Russe qui termine \u00e0 la 4\u00e8me place.<\/p>\n<p>Am\u00e9lie revient donc avec un nouveau baluchon d&rsquo;exp\u00e9rience, de bon augure pour la saison prochaine. Elle peut se f\u00e9liciter de son tournoi, m\u00eame si\u00a0aucun compte-rendu officiel ne confirme sa rencontre avec Thalie, la d\u00e9esse des c\u00e9l\u00e9brations festives&#8230;<\/p>\n<p><em>(Lo\u00efc, Novembre 2015)<\/em><\/p>\n","protected":false},"excerpt":{"rendered":"<p>Les championnats du Monde jeunes se sont d\u00e9roul\u00e9s en Gr\u00e8ce pendant les vacances de la Toussaint. Am\u00e9lie a d\u00e9fendu les couleurs fran\u00e7aises (et giffoises) dans la cat\u00e9gorie U14. Elle r\u00e9alise &hellip; <\/p>\n<p class=\"link-more\"><a href=\"https:\/\/gifcc2echecs.fr\/index.php\/2015\/11\/15\/championnats-du-monde-amelie-a-la-rencontre-de-thalie\/\" class=\"more-link\">Continuer la lecture<span class=\"screen-reader-text\"> de &laquo;&nbsp;Championnats du Monde : Am\u00e9lie \u00e0 la rencontre de Thalie&nbsp;&raquo;<\/span><\/a><\/p>\n","protected":false},"author":2,"featured_media":0,"comment_status":"open","ping_status":"open","sticky":false,"template":"","format":"standard","meta":{"footnotes":""},"categories":[4,16,5],"tags":[],"class_list":["post-847","post","type-post","status-publish","format-standard","hentry","category-jeunes","category-news","category-tournois"],"_links":{"self":[{"href":"https:\/\/gifcc2echecs.fr\/index.php\/wp-json\/wp\/v2\/posts\/847","targetHints":{"allow":["GET"]}}],"collection":[{"href":"https:\/\/gifcc2echecs.fr\/index.php\/wp-json\/wp\/v2\/posts"}],"about":[{"href":"https:\/\/gifcc2echecs.fr\/index.php\/wp-json\/wp\/v2\/types\/post"}],"author":[{"embeddable":true,"href":"https:\/\/gifcc2echecs.fr\/index.php\/wp-json\/wp\/v2\/users\/2"}],"replies":[{"embeddable":true,"href":"https:\/\/gifcc2echecs.fr\/index.php\/wp-json\/wp\/v2\/comments?post=847"}],"version-history":[{"count":1,"href":"https:\/\/gifcc2echecs.fr\/index.php\/wp-json\/wp\/v2\/posts\/847\/revisions"}],"predecessor-version":[{"id":848,"href":"https:\/\/gifcc2echecs.fr\/index.php\/wp-json\/wp\/v2\/posts\/847\/revisions\/848"}],"wp:attachment":[{"href":"https:\/\/gifcc2echecs.fr\/index.php\/wp-json\/wp\/v2\/media?parent=847"}],"wp:term":[{"taxonomy":"category","embeddable":true,"href":"https:\/\/gifcc2echecs.fr\/index.php\/wp-json\/wp\/v2\/categories?post=847"},{"taxonomy":"post_tag","embeddable":true,"href":"https:\/\/gifcc2echecs.fr\/index.php\/wp-json\/wp\/v2\/tags?post=847"}],"curies":[{"name":"wp","href":"https:\/\/api.w.org\/{rel}","templated":true}]}}